{"id":16487,"date":"2024-12-12T08:30:12","date_gmt":"2024-12-12T07:30:12","guid":{"rendered":"https:\/\/www.aliberico.com\/idalsa-renews-the-aragon-social-responsibility-seal-for-the-third-consecutive-year\/"},"modified":"2025-01-31T16:20:21","modified_gmt":"2025-01-31T15:20:21","slug":"idalsa-renews-the-aragon-social-responsibility-seal-for-the-third-consecutive-year","status":"publish","type":"post","link":"https:\/\/www.aliberico.com\/en\/idalsa-renews-the-aragon-social-responsibility-seal-for-the-third-consecutive-year\/","title":{"rendered":"IDALSA renews the Arag\u00f3n Social Responsibility Seal for the third consecutive year"},"content":{"rendered":"<div class=\"elementor-element elementor-element-803f220 elementor-widget elementor-widget-theme-post-title elementor-page-title elementor-widget-heading\" data-id=\"803f220\" data-element_type=\"widget\" data-widget_type=\"theme-post-title.default\">\n<div class=\"elementor-widget-container\"><\/div>\n<\/div>\n<div class=\"elementor-element elementor-element-520c465 elementor-widget elementor-widget-spacer\" data-id=\"520c465\" data-element_type=\"widget\" data-widget_type=\"spacer.default\">\n<div class=\"elementor-widget-container\">\n<div class=\"elementor-spacer\">\n<div class=\"elementor-spacer-inner\">As a showcase to its ongoing <strong>commitment to sustainability and corporate ethics, <a href=\"https:\/\/idalsa.com\/en\/\" target=\"_blank\" rel=\"noopener\">IDALSA<\/a><\/strong>\u00a0has successfully renewed the<a href=\"https:\/\/www.aragonempresa.com\/paginas\/plan-rsa-introduccion\" target=\"_blank\" rel=\"noopener\"><strong>\u00a0Arag\u00f3n Social Responsibility Seal (RSA)<\/strong><\/a>\u00a0for the third consecutive year. This achievement highlights<strong> <a href=\"https:\/\/idalsa.com\/en\/\" target=\"_blank\" rel=\"noopener\">IDALSA<\/a>\u2019s dedication to sustainability<\/strong>\u00a0and its remarkable contribution to Corporate and Social Responsibility in the Arag\u00f3n region.<\/div>\n<\/div>\n<\/div>\n<\/div>\n<div class=\"elementor-element elementor-element-96a2aed elementor-widget elementor-widget-theme-post-content\" data-id=\"96a2aed\" data-element_type=\"widget\" data-widget_type=\"theme-post-content.default\">\n<div class=\"elementor-widget-container\">\n<p>This prestigious recognition, granted by the Arag\u00f3n Institute for Development (IAF) in collaboration with organizations such as CEOE Arag\u00f3n, CEPYME, and the UGT and CCOO unions, honors companies and entities in Arag\u00f3n that excel in social responsibility. The criteria for the seal include equality, work-life balance, commitment to the Sustainable Development Goals (SDGs), and fostering an inclusive and sustainable work environment in the region.<\/p>\n<p>For the third year, <strong><a href=\"https:\/\/idalsa.com\/en\/\" target=\"_blank\" rel=\"noopener\">IDALSA<\/a><\/strong>\u00a0validates its commitment to<strong>\u00a0good governance practices<\/strong>\u00a0and its\u00a0<strong>significant positive impact<\/strong>\u00a0on sustainability, once again certifying itself as a socially responsible entity.<\/p>\n<p><strong><a href=\"https:\/\/idalsa.com\/en\/\" target=\"_blank\" rel=\"noopener\">IDALSA<\/a><\/strong> has implemented various initiatives that strengthen its commitment to key areas of the <strong>RSA plan<\/strong>, such as promoting equality, environmental stewardship, and supporting local communities. This certification underscores its crucial role and contributions to the circular economy. The renewal of this seal reaffirms <strong><a href=\"https:\/\/idalsa.com\/en\/\" target=\"_blank\" rel=\"noopener\">IDALSA<\/a><\/strong><strong>\u2019s<\/strong>\u00a0efforts to build a more sustainable future and actively collaborate with the 2030 Agenda, aligning with the Sustainable Development Goals in Arag\u00f3n.<\/p>\n<p><em><strong><a href=\"https:\/\/idalsa.com\/en\/\" target=\"_blank\" rel=\"noopener\">IDALSA<\/a><\/strong>, committed to Arag\u00f3n and sustainability.<\/em><\/p>\n<\/div>\n<\/div>\n","protected":false},"excerpt":{"rendered":"<p>As a showcase to its ongoing commitment to sustainability and corporate ethics, IDALSA\u00a0has successfully renewed the\u00a0Arag\u00f3n Social Responsibility Seal (RSA)\u00a0for the third consecutive year. This achievement highlights IDALSA\u2019s dedication to sustainability\u00a0and its remarkable contribution to Corporate and Social Responsibility in the Arag\u00f3n region. This prestigious recognition, granted by the Arag\u00f3n Institute for Development (IAF) in [&hellip;]<\/p>\n","protected":false},"author":1,"featured_media":16485,"comment_status":"open","ping_status":"closed","sticky":false,"template":"","format":"standard","meta":{"footnotes":""},"categories":[1],"tags":[],"class_list":["post-16487","post","type-post","status-publish","format-standard","has-post-thumbnail","hentry","category-uncategorized"],"yoast_head":"<!-- This site is optimized with the Yoast SEO plugin v25.5 - https:\/\/yoast.com\/wordpress\/plugins\/seo\/ -->\n<title>IDALSA renews the Arag\u00f3n Social Responsibility Seal for the third consecutive year - Alib\u00e9rico<\/title>\n<meta name=\"robots\" content=\"index, follow, max-snippet:-1, max-image-preview:large, max-video-preview:-1\" \/>\n<link rel=\"canonical\" href=\"https:\/\/www.aliberico.com\/idalsa-renueva-el-sello-de-responsabilidad-social-de-aragon-por-tercer-ano-consecutivo\/\" \/>\n<meta property=\"og:locale\" content=\"en_US\" \/>\n<meta property=\"og:type\" content=\"article\" \/>\n<meta property=\"og:title\" content=\"IDALSA renews the Arag\u00f3n Social Responsibility Seal for the third consecutive year - Alib\u00e9rico\" \/>\n<meta property=\"og:description\" content=\"As a showcase to its ongoing commitment to sustainability and corporate ethics, IDALSA\u00a0has successfully renewed the\u00a0Arag\u00f3n Social Responsibility Seal (RSA)\u00a0for the third consecutive year. This achievement highlights IDALSA\u2019s dedication to sustainability\u00a0and its remarkable contribution to Corporate and Social Responsibility in the Arag\u00f3n region. This prestigious recognition, granted by the Arag\u00f3n Institute for Development (IAF) in [&hellip;]\" \/>\n<meta property=\"og:url\" content=\"https:\/\/www.aliberico.com\/idalsa-renueva-el-sello-de-responsabilidad-social-de-aragon-por-tercer-ano-consecutivo\/\" \/>\n<meta property=\"og:site_name\" content=\"Alib\u00e9rico\" \/>\n<meta property=\"article:published_time\" content=\"2024-12-12T07:30:12+00:00\" \/>\n<meta property=\"article:modified_time\" content=\"2025-01-31T15:20:21+00:00\" \/>\n<meta property=\"og:image\" content=\"https:\/\/www.aliberico.com\/wp-content\/uploads\/2025\/01\/IDALSA-RSA-2025-scaled-1.jpg\" \/>\n\t<meta property=\"og:image:width\" content=\"2560\" \/>\n\t<meta property=\"og:image:height\" content=\"1052\" \/>\n\t<meta property=\"og:image:type\" content=\"image\/jpeg\" \/>\n<meta name=\"author\" content=\"jcalero\" \/>\n<meta name=\"twitter:card\" content=\"summary_large_image\" \/>\n<meta name=\"twitter:label1\" content=\"Written by\" \/>\n\t<meta name=\"twitter:data1\" content=\"jcalero\" \/>\n\t<meta name=\"twitter:label2\" content=\"Est. reading time\" \/>\n\t<meta name=\"twitter:data2\" content=\"1 minute\" \/>\n<script type=\"application\/ld+json\" class=\"yoast-schema-graph\">{\"@context\":\"https:\/\/schema.org\",\"@graph\":[{\"@type\":\"Article\",\"@id\":\"https:\/\/www.aliberico.com\/idalsa-renueva-el-sello-de-responsabilidad-social-de-aragon-por-tercer-ano-consecutivo\/#article\",\"isPartOf\":{\"@id\":\"https:\/\/www.aliberico.com\/idalsa-renueva-el-sello-de-responsabilidad-social-de-aragon-por-tercer-ano-consecutivo\/\"},\"author\":{\"name\":\"jcalero\",\"@id\":\"https:\/\/www.aliberico.com\/#\/schema\/person\/4cae64fe43e74920f00faee246999d7c\"},\"headline\":\"IDALSA renews the Arag\u00f3n Social Responsibility Seal for the third consecutive year\",\"datePublished\":\"2024-12-12T07:30:12+00:00\",\"dateModified\":\"2025-01-31T15:20:21+00:00\",\"mainEntityOfPage\":{\"@id\":\"https:\/\/www.aliberico.com\/idalsa-renueva-el-sello-de-responsabilidad-social-de-aragon-por-tercer-ano-consecutivo\/\"},\"wordCount\":233,\"commentCount\":0,\"publisher\":{\"@id\":\"https:\/\/www.aliberico.com\/#organization\"},\"image\":{\"@id\":\"https:\/\/www.aliberico.com\/idalsa-renueva-el-sello-de-responsabilidad-social-de-aragon-por-tercer-ano-consecutivo\/#primaryimage\"},\"thumbnailUrl\":\"https:\/\/www.aliberico.com\/wp-content\/uploads\/2025\/01\/IDALSA-RSA-2025-scaled-1.jpg\",\"inLanguage\":\"en-US\",\"potentialAction\":[{\"@type\":\"CommentAction\",\"name\":\"Comment\",\"target\":[\"https:\/\/www.aliberico.com\/idalsa-renueva-el-sello-de-responsabilidad-social-de-aragon-por-tercer-ano-consecutivo\/#respond\"]}]},{\"@type\":\"WebPage\",\"@id\":\"https:\/\/www.aliberico.com\/idalsa-renueva-el-sello-de-responsabilidad-social-de-aragon-por-tercer-ano-consecutivo\/\",\"url\":\"https:\/\/www.aliberico.com\/idalsa-renueva-el-sello-de-responsabilidad-social-de-aragon-por-tercer-ano-consecutivo\/\",\"name\":\"IDALSA renews the Arag\u00f3n Social Responsibility Seal for the third consecutive year - Alib\u00e9rico\",\"isPartOf\":{\"@id\":\"https:\/\/www.aliberico.com\/#website\"},\"primaryImageOfPage\":{\"@id\":\"https:\/\/www.aliberico.com\/idalsa-renueva-el-sello-de-responsabilidad-social-de-aragon-por-tercer-ano-consecutivo\/#primaryimage\"},\"image\":{\"@id\":\"https:\/\/www.aliberico.com\/idalsa-renueva-el-sello-de-responsabilidad-social-de-aragon-por-tercer-ano-consecutivo\/#primaryimage\"},\"thumbnailUrl\":\"https:\/\/www.aliberico.com\/wp-content\/uploads\/2025\/01\/IDALSA-RSA-2025-scaled-1.jpg\",\"datePublished\":\"2024-12-12T07:30:12+00:00\",\"dateModified\":\"2025-01-31T15:20:21+00:00\",\"breadcrumb\":{\"@id\":\"https:\/\/www.aliberico.com\/idalsa-renueva-el-sello-de-responsabilidad-social-de-aragon-por-tercer-ano-consecutivo\/#breadcrumb\"},\"inLanguage\":\"en-US\",\"potentialAction\":[{\"@type\":\"ReadAction\",\"target\":[\"https:\/\/www.aliberico.com\/idalsa-renueva-el-sello-de-responsabilidad-social-de-aragon-por-tercer-ano-consecutivo\/\"]}]},{\"@type\":\"ImageObject\",\"inLanguage\":\"en-US\",\"@id\":\"https:\/\/www.aliberico.com\/idalsa-renueva-el-sello-de-responsabilidad-social-de-aragon-por-tercer-ano-consecutivo\/#primaryimage\",\"url\":\"https:\/\/www.aliberico.com\/wp-content\/uploads\/2025\/01\/IDALSA-RSA-2025-scaled-1.jpg\",\"contentUrl\":\"https:\/\/www.aliberico.com\/wp-content\/uploads\/2025\/01\/IDALSA-RSA-2025-scaled-1.jpg\",\"width\":2560,\"height\":1052},{\"@type\":\"BreadcrumbList\",\"@id\":\"https:\/\/www.aliberico.com\/idalsa-renueva-el-sello-de-responsabilidad-social-de-aragon-por-tercer-ano-consecutivo\/#breadcrumb\",\"itemListElement\":[{\"@type\":\"ListItem\",\"position\":1,\"name\":\"Home\",\"item\":\"https:\/\/www.aliberico.com\/en\/\"},{\"@type\":\"ListItem\",\"position\":2,\"name\":\"IDALSA renews the Arag\u00f3n Social Responsibility Seal for the third consecutive year\"}]},{\"@type\":\"WebSite\",\"@id\":\"https:\/\/www.aliberico.com\/#website\",\"url\":\"https:\/\/www.aliberico.com\/\",\"name\":\"Alib\u00e9rico\",\"description\":\"L\u00edderes en Aluminio\",\"publisher\":{\"@id\":\"https:\/\/www.aliberico.com\/#organization\"},\"potentialAction\":[{\"@type\":\"SearchAction\",\"target\":{\"@type\":\"EntryPoint\",\"urlTemplate\":\"https:\/\/www.aliberico.com\/?s={search_term_string}\"},\"query-input\":{\"@type\":\"PropertyValueSpecification\",\"valueRequired\":true,\"valueName\":\"search_term_string\"}}],\"inLanguage\":\"en-US\"},{\"@type\":\"Organization\",\"@id\":\"https:\/\/www.aliberico.com\/#organization\",\"name\":\"Alib\u00e9rico\",\"url\":\"https:\/\/www.aliberico.com\/\",\"logo\":{\"@type\":\"ImageObject\",\"inLanguage\":\"en-US\",\"@id\":\"https:\/\/www.aliberico.com\/#\/schema\/logo\/image\/\",\"url\":\"https:\/\/www.aliberico.com\/wp-content\/uploads\/2023\/11\/Logo-Aliberico.png\",\"contentUrl\":\"https:\/\/www.aliberico.com\/wp-content\/uploads\/2023\/11\/Logo-Aliberico.png\",\"width\":1726,\"height\":641,\"caption\":\"Alib\u00e9rico\"},\"image\":{\"@id\":\"https:\/\/www.aliberico.com\/#\/schema\/logo\/image\/\"}},{\"@type\":\"Person\",\"@id\":\"https:\/\/www.aliberico.com\/#\/schema\/person\/4cae64fe43e74920f00faee246999d7c\",\"name\":\"jcalero\",\"image\":{\"@type\":\"ImageObject\",\"inLanguage\":\"en-US\",\"@id\":\"https:\/\/www.aliberico.com\/#\/schema\/person\/image\/\",\"url\":\"https:\/\/secure.gravatar.com\/avatar\/a651bcd7a6a0b28628a3885d1790b638ea432bfebcc2d618d9b74cf248463466?s=96&d=mm&r=g\",\"contentUrl\":\"https:\/\/secure.gravatar.com\/avatar\/a651bcd7a6a0b28628a3885d1790b638ea432bfebcc2d618d9b74cf248463466?s=96&d=mm&r=g\",\"caption\":\"jcalero\"},\"sameAs\":[\"https:\/\/www.aliberico.com\"],\"url\":\"https:\/\/www.aliberico.com\/en\/author\/jcalero\/\"}]}<\/script>\n<!-- \/ Yoast SEO plugin. -->","yoast_head_json":{"title":"IDALSA renews the Arag\u00f3n Social Responsibility Seal for the third consecutive year - Alib\u00e9rico","robots":{"index":"index","follow":"follow","max-snippet":"max-snippet:-1","max-image-preview":"max-image-preview:large","max-video-preview":"max-video-preview:-1"},"canonical":"https:\/\/www.aliberico.com\/idalsa-renueva-el-sello-de-responsabilidad-social-de-aragon-por-tercer-ano-consecutivo\/","og_locale":"en_US","og_type":"article","og_title":"IDALSA renews the Arag\u00f3n Social Responsibility Seal for the third consecutive year - Alib\u00e9rico","og_description":"As a showcase to its ongoing commitment to sustainability and corporate ethics, IDALSA\u00a0has successfully renewed the\u00a0Arag\u00f3n Social Responsibility Seal (RSA)\u00a0for the third consecutive year. This achievement highlights IDALSA\u2019s dedication to sustainability\u00a0and its remarkable contribution to Corporate and Social Responsibility in the Arag\u00f3n region. This prestigious recognition, granted by the Arag\u00f3n Institute for Development (IAF) in [&hellip;]","og_url":"https:\/\/www.aliberico.com\/idalsa-renueva-el-sello-de-responsabilidad-social-de-aragon-por-tercer-ano-consecutivo\/","og_site_name":"Alib\u00e9rico","article_published_time":"2024-12-12T07:30:12+00:00","article_modified_time":"2025-01-31T15:20:21+00:00","og_image":[{"width":2560,"height":1052,"url":"https:\/\/www.aliberico.com\/wp-content\/uploads\/2025\/01\/IDALSA-RSA-2025-scaled-1.jpg","type":"image\/jpeg"}],"author":"jcalero","twitter_card":"summary_large_image","twitter_misc":{"Written by":"jcalero","Est. reading time":"1 minute"},"schema":{"@context":"https:\/\/schema.org","@graph":[{"@type":"Article","@id":"https:\/\/www.aliberico.com\/idalsa-renueva-el-sello-de-responsabilidad-social-de-aragon-por-tercer-ano-consecutivo\/#article","isPartOf":{"@id":"https:\/\/www.aliberico.com\/idalsa-renueva-el-sello-de-responsabilidad-social-de-aragon-por-tercer-ano-consecutivo\/"},"author":{"name":"jcalero","@id":"https:\/\/www.aliberico.com\/#\/schema\/person\/4cae64fe43e74920f00faee246999d7c"},"headline":"IDALSA renews the Arag\u00f3n Social Responsibility Seal for the third consecutive year","datePublished":"2024-12-12T07:30:12+00:00","dateModified":"2025-01-31T15:20:21+00:00","mainEntityOfPage":{"@id":"https:\/\/www.aliberico.com\/idalsa-renueva-el-sello-de-responsabilidad-social-de-aragon-por-tercer-ano-consecutivo\/"},"wordCount":233,"commentCount":0,"publisher":{"@id":"https:\/\/www.aliberico.com\/#organization"},"image":{"@id":"https:\/\/www.aliberico.com\/idalsa-renueva-el-sello-de-responsabilidad-social-de-aragon-por-tercer-ano-consecutivo\/#primaryimage"},"thumbnailUrl":"https:\/\/www.aliberico.com\/wp-content\/uploads\/2025\/01\/IDALSA-RSA-2025-scaled-1.jpg","inLanguage":"en-US","potentialAction":[{"@type":"CommentAction","name":"Comment","target":["https:\/\/www.aliberico.com\/idalsa-renueva-el-sello-de-responsabilidad-social-de-aragon-por-tercer-ano-consecutivo\/#respond"]}]},{"@type":"WebPage","@id":"https:\/\/www.aliberico.com\/idalsa-renueva-el-sello-de-responsabilidad-social-de-aragon-por-tercer-ano-consecutivo\/","url":"https:\/\/www.aliberico.com\/idalsa-renueva-el-sello-de-responsabilidad-social-de-aragon-por-tercer-ano-consecutivo\/","name":"IDALSA renews the Arag\u00f3n Social Responsibility Seal for the third consecutive year - Alib\u00e9rico","isPartOf":{"@id":"https:\/\/www.aliberico.com\/#website"},"primaryImageOfPage":{"@id":"https:\/\/www.aliberico.com\/idalsa-renueva-el-sello-de-responsabilidad-social-de-aragon-por-tercer-ano-consecutivo\/#primaryimage"},"image":{"@id":"https:\/\/www.aliberico.com\/idalsa-renueva-el-sello-de-responsabilidad-social-de-aragon-por-tercer-ano-consecutivo\/#primaryimage"},"thumbnailUrl":"https:\/\/www.aliberico.com\/wp-content\/uploads\/2025\/01\/IDALSA-RSA-2025-scaled-1.jpg","datePublished":"2024-12-12T07:30:12+00:00","dateModified":"2025-01-31T15:20:21+00:00","breadcrumb":{"@id":"https:\/\/www.aliberico.com\/idalsa-renueva-el-sello-de-responsabilidad-social-de-aragon-por-tercer-ano-consecutivo\/#breadcrumb"},"inLanguage":"en-US","potentialAction":[{"@type":"ReadAction","target":["https:\/\/www.aliberico.com\/idalsa-renueva-el-sello-de-responsabilidad-social-de-aragon-por-tercer-ano-consecutivo\/"]}]},{"@type":"ImageObject","inLanguage":"en-US","@id":"https:\/\/www.aliberico.com\/idalsa-renueva-el-sello-de-responsabilidad-social-de-aragon-por-tercer-ano-consecutivo\/#primaryimage","url":"https:\/\/www.aliberico.com\/wp-content\/uploads\/2025\/01\/IDALSA-RSA-2025-scaled-1.jpg","contentUrl":"https:\/\/www.aliberico.com\/wp-content\/uploads\/2025\/01\/IDALSA-RSA-2025-scaled-1.jpg","width":2560,"height":1052},{"@type":"BreadcrumbList","@id":"https:\/\/www.aliberico.com\/idalsa-renueva-el-sello-de-responsabilidad-social-de-aragon-por-tercer-ano-consecutivo\/#breadcrumb","itemListElement":[{"@type":"ListItem","position":1,"name":"Home","item":"https:\/\/www.aliberico.com\/en\/"},{"@type":"ListItem","position":2,"name":"IDALSA renews the Arag\u00f3n Social Responsibility Seal for the third consecutive year"}]},{"@type":"WebSite","@id":"https:\/\/www.aliberico.com\/#website","url":"https:\/\/www.aliberico.com\/","name":"Alib\u00e9rico","description":"L\u00edderes en Aluminio","publisher":{"@id":"https:\/\/www.aliberico.com\/#organization"},"potentialAction":[{"@type":"SearchAction","target":{"@type":"EntryPoint","urlTemplate":"https:\/\/www.aliberico.com\/?s={search_term_string}"},"query-input":{"@type":"PropertyValueSpecification","valueRequired":true,"valueName":"search_term_string"}}],"inLanguage":"en-US"},{"@type":"Organization","@id":"https:\/\/www.aliberico.com\/#organization","name":"Alib\u00e9rico","url":"https:\/\/www.aliberico.com\/","logo":{"@type":"ImageObject","inLanguage":"en-US","@id":"https:\/\/www.aliberico.com\/#\/schema\/logo\/image\/","url":"https:\/\/www.aliberico.com\/wp-content\/uploads\/2023\/11\/Logo-Aliberico.png","contentUrl":"https:\/\/www.aliberico.com\/wp-content\/uploads\/2023\/11\/Logo-Aliberico.png","width":1726,"height":641,"caption":"Alib\u00e9rico"},"image":{"@id":"https:\/\/www.aliberico.com\/#\/schema\/logo\/image\/"}},{"@type":"Person","@id":"https:\/\/www.aliberico.com\/#\/schema\/person\/4cae64fe43e74920f00faee246999d7c","name":"jcalero","image":{"@type":"ImageObject","inLanguage":"en-US","@id":"https:\/\/www.aliberico.com\/#\/schema\/person\/image\/","url":"https:\/\/secure.gravatar.com\/avatar\/a651bcd7a6a0b28628a3885d1790b638ea432bfebcc2d618d9b74cf248463466?s=96&d=mm&r=g","contentUrl":"https:\/\/secure.gravatar.com\/avatar\/a651bcd7a6a0b28628a3885d1790b638ea432bfebcc2d618d9b74cf248463466?s=96&d=mm&r=g","caption":"jcalero"},"sameAs":["https:\/\/www.aliberico.com"],"url":"https:\/\/www.aliberico.com\/en\/author\/jcalero\/"}]}},"_links":{"self":[{"href":"https:\/\/www.aliberico.com\/en\/wp-json\/wp\/v2\/posts\/16487","targetHints":{"allow":["GET"]}}],"collection":[{"href":"https:\/\/www.aliberico.com\/en\/wp-json\/wp\/v2\/posts"}],"about":[{"href":"https:\/\/www.aliberico.com\/en\/wp-json\/wp\/v2\/types\/post"}],"author":[{"embeddable":true,"href":"https:\/\/www.aliberico.com\/en\/wp-json\/wp\/v2\/users\/1"}],"replies":[{"embeddable":true,"href":"https:\/\/www.aliberico.com\/en\/wp-json\/wp\/v2\/comments?post=16487"}],"version-history":[{"count":0,"href":"https:\/\/www.aliberico.com\/en\/wp-json\/wp\/v2\/posts\/16487\/revisions"}],"wp:featuredmedia":[{"embeddable":true,"href":"https:\/\/www.aliberico.com\/en\/wp-json\/wp\/v2\/media\/16485"}],"wp:attachment":[{"href":"https:\/\/www.aliberico.com\/en\/wp-json\/wp\/v2\/media?parent=16487"}],"wp:term":[{"taxonomy":"category","embeddable":true,"href":"https:\/\/www.aliberico.com\/en\/wp-json\/wp\/v2\/categories?post=16487"},{"taxonomy":"post_tag","embeddable":true,"href":"https:\/\/www.aliberico.com\/en\/wp-json\/wp\/v2\/tags?post=16487"}],"curies":[{"name":"wp","href":"https:\/\/api.w.org\/{rel}","templated":true}]}}